{"id":8250,"date":"2023-09-29T10:45:05","date_gmt":"2023-09-29T10:45:05","guid":{"rendered":"https:\/\/heidenerstrasse.de\/?p=8250"},"modified":"2023-09-29T10:45:05","modified_gmt":"2023-09-29T10:45:05","slug":"neuigkeiten-und-infos-der-nachbarschaft-heidener-strasse-busskoenning-hook","status":"publish","type":"post","link":"https:\/\/heidenerstrasse.de\/?p=8250","title":{"rendered":"Neuigkeiten und Infos der Nachbarschaft Heidener Stra\u00dfe\/Bussk\u00f6nning Hook"},"content":{"rendered":"\n<p>Die Fotos unseres Volksfestes sind nun auf der Homepage verf\u00fcgbar, st\u00f6bert doch gerne einmal durch! Wir werden diese in den kommenden Tagen auch auf unserer Facebookseite ver\u00f6ffentlichen und freuen uns nat\u00fcrlich dar\u00fcber, wenn Ihr diese in eurem Freundeskreis teilen w\u00fcrdet!<\/p>\n\n\n\n<p>Am 08.07.2023 wurden wir Samstags-Nachmittags durch den Sch\u00fctzenverein Welmeringhook zu deren feierlichem Vogelschie\u00dfen eingeladen. Wir hatten dort einen Interessanten Nachmittag mit vielen Gespr\u00e4chen, auch mit anderen Gastvereinen und freuen uns \u201eneue\u201c Kontakte gekn\u00fcpft zu haben. Nat\u00fcrlich Gratulieren wir auch ganz Herzlich dem neuen K\u00f6nigspaar Tobias Kl\u00fcmper und Dorothee Droste und w\u00fcnschen eine erfolgreiche Regentschaft. Auf ein hoffentliches wiedersehen auf unserer Festwiese!<\/p>\n\n\n\n<p>Am 23.07.2023 freuten wir uns \u00fcber die Einladung des Sch\u00fctzenvereins Waldesruh. Dort durften mit den anderen geladenen Vereinen an einem z\u00fcnftigen Fr\u00fchshoppen mit feiner Blasmusik teilnehmen. Einige von uns konnten es sich anschlie\u00dfen nicht nehmen lassen, auch am Umzug durch die Nachbarschaft teilzunehmen &#x1f609;! Wir w\u00fcnschen hier dem neuen K\u00f6nigspaar Ralf Lage und Sandra Dutz eine erfolgreiche Regentschaft!<\/p>\n\n\n\n<p>Meiner Meinung nach, sind nach wie vor Kontakte zu angrenzenden Vereinen immens wichtig, um auch Nachbarschafts\u00fcbergreifend Kontakte zu Pflegen.<\/p>\n\n\n\n<p>Am 19.08.2023 fand wieder die Motorradtour der Biker &amp; Friends statt! In diesem Jahr ging die gemeinsame Ausfahrt Richtung Niederrhein und nat\u00fcrlich durfte das anschlie\u00dfende Grillen bei Norbert &amp; Doris Reukes im Garten nicht fehlen. Den Ausf\u00fchrlichen Bericht k\u00f6nnt ihr ebenfalls auf der Homepage lesen.<\/p>\n\n\n\n<p>Am 24.08.2023 wurde der Ehrenamtstag der Stadt Borken im Festzelt von St. Johanni im Stadtpark durchgef\u00fchrt. Auch hier konnte eine kleine Abordnung Interessante Gespr\u00e4che mit anderen Vereinen verzeichnen. Auch konnte der Vorstand an dem Sch\u00fctzenfest Wochenende ein kurzes Gespr\u00e4ch mit den Verantwortlichen von St. Johanni abhalten, sodass wir uns dar\u00fcber freuen demn\u00e4chst wieder an Treffen der Sch\u00fctzenvereine im Stadtgebiet Borken teilzunehmen, um unsere neue Vereinsausrichtung weiter voranzutreiben.<\/p>\n\n\n\n<p><strong>Leider hat uns im aktuellen Jahr Karin K\u00f6hler als Bezirksansprechpartnerin f\u00fcr den Bezirk 1 (Heidener Stra\u00dfe\/Lehmstiege) mitgeteilt, dass Sie dieses Amt nicht weiter fortf\u00fchren wird. Wir w\u00fcrden uns freuen, wenn sich jemand findet, der dieses Amt \u00fcbernehmen w\u00fcrde.<\/strong><\/p>\n\n\n\n<p><strong>Als n\u00e4chste Veranstaltung f\u00fcr unsere Nachbarschaft findet in diesem Jahr der kleine Weihnachtsmarkt wieder statt! Wir freuen uns euch am 25.11.2023 auf dem Hof Bussk\u00f6nning begr\u00fc\u00dfen zu d\u00fcrfen!<\/strong><\/p>\n\n\n\n<p><strong>Wir freuen uns auch \u00fcber jegliche Unterst\u00fctzung f\u00fcr diese Veranstaltung, wenn ihr euch also gerne einbringen m\u00f6chtet, einfach melden!<\/strong><\/p>\n\n\n\n<p><strong>Auch m\u00f6chte ich euch schon fr\u00fchestm\u00f6glich unseren Termin f\u00fcr das Nachbarschaftsfest\/Volksfest im n\u00e4chsten Jahr bekannt geben! Wir freuen uns auf ein \u201efeuchtfr\u00f6hliches\u201c Wochenende am 04. und 05. Mai 2024 mit euch!<\/strong><\/p>\n\n\n\n<p><strong>Viele Gr\u00fc\u00dfe<\/strong><\/p>\n\n\n\n<p>Frederik<\/p>\n","protected":false},"excerpt":{"rendered":"<p>Liebe Nachbarinnen, Nachbarn und Freunde der Nachbarschaft!<\/p>\n<p>L\u00e4ngere Zeit war es aufgrund der Sommerferienzeit und auch durch w\u00e4rmeres Wetter ruhiger in unserem HOOK!<\/p>\n<p>Jetzt habe ich wieder einige Neuigkeiten f\u00fcr euch!<\/p>\n","protected":false},"author":3,"featured_media":8210,"comment_status":"closed","ping_status":"closed","sticky":false,"template":"","format":"standard","meta":{"footnotes":"","_links_to":"","_links_to_target":""},"categories":[9],"tags":[],"class_list":["post-8250","post","type-post","status-publish","format-standard","has-post-thumbnail","hentry","category-nachbarschaft"],"_links":{"self":[{"href":"https:\/\/heidenerstrasse.de\/index.php?rest_route=\/wp\/v2\/posts\/8250","targetHints":{"allow":["GET"]}}],"collection":[{"href":"https:\/\/heidenerstrasse.de\/index.php?rest_route=\/wp\/v2\/posts"}],"about":[{"href":"https:\/\/heidenerstrasse.de\/index.php?rest_route=\/wp\/v2\/types\/post"}],"author":[{"embeddable":true,"href":"https:\/\/heidenerstrasse.de\/index.php?rest_route=\/wp\/v2\/users\/3"}],"replies":[{"embeddable":true,"href":"https:\/\/heidenerstrasse.de\/index.php?rest_route=%2Fwp%2Fv2%2Fcomments&post=8250"}],"version-history":[{"count":1,"href":"https:\/\/heidenerstrasse.de\/index.php?rest_route=\/wp\/v2\/posts\/8250\/revisions"}],"predecessor-version":[{"id":8251,"href":"https:\/\/heidenerstrasse.de\/index.php?rest_route=\/wp\/v2\/posts\/8250\/revisions\/8251"}],"wp:featuredmedia":[{"embeddable":true,"href":"https:\/\/heidenerstrasse.de\/index.php?rest_route=\/wp\/v2\/media\/8210"}],"wp:attachment":[{"href":"https:\/\/heidenerstrasse.de\/index.php?rest_route=%2Fwp%2Fv2%2Fmedia&parent=8250"}],"wp:term":[{"taxonomy":"category","embeddable":true,"href":"https:\/\/heidenerstrasse.de\/index.php?rest_route=%2Fwp%2Fv2%2Fcategories&post=8250"},{"taxonomy":"post_tag","embeddable":true,"href":"https:\/\/heidenerstrasse.de\/index.php?rest_route=%2Fwp%2Fv2%2Ftags&post=8250"}],"curies":[{"name":"wp","href":"https:\/\/api.w.org\/{rel}","templated":true}]}}