{"id":8090,"date":"2023-03-14T19:45:12","date_gmt":"2023-03-14T19:45:12","guid":{"rendered":"http:\/\/heidenerstrasse.de\/?p=8090"},"modified":"2023-03-14T19:45:12","modified_gmt":"2023-03-14T19:45:12","slug":"zusammenfassung-der-jahreshauptversammlung-2023","status":"publish","type":"post","link":"https:\/\/heidenerstrasse.de\/?p=8090","title":{"rendered":"Zusammenfassung der Jahreshauptversammlung  2023"},"content":{"rendered":"\n<p>Der per Hauswurfsendung verteilten Einladung folgten 51 Mitglieder aus unserer Nachbarschaft. Sowohl alte Bekannte als auch neue Gesichter konnten durch den Gildenherren Frederik Bach im Jugendhaus begr\u00fc\u00dft werden. Begonnen wurde mit einer kurzen Andacht der leider im letzten Jahr verstorbenen Mitglieder. Au\u00dferdem konnten erfreulicherweise wieder einige Jubilare gefeiert werden.<br><\/p>\n\n\n\n<p>F\u00fcr den R\u00fcckblick des vergangenen Jahres konnten wir gemeinsam auf einige Bilder und Fakten zur\u00fcckgreifen. So ist unsere Familien-Fahrradtour im Fr\u00fchjahr des vergangenen Jahres sehr gut sowohl von Mitgliedern als auch von Freunden der Nachbarschaft angenommen worden. Bei sch\u00f6nem Wetter genossen die Teilnehmer die beiden geplanten Fahrradrouten und lie\u00dfen den Abend anschlie\u00dfend gem\u00fctlich beim gemeinsamen Grillen ausklingen.<\/p>\n\n\n\n<p>Das wohl gr\u00f6\u00dfte Highlight im vergangenen Jahr war unser erstmalig veranstaltetes Volksfest, bei welchem wir zahlreiche Nachbarn und viele neue Gesichter begr\u00fc\u00dfen durften. Es gab viele Attraktionen f\u00fcr unsere \u201ekleinen\u201c G\u00e4ste und auch die Erwachsenen konnten beim Schie\u00dfwettbewerb ihre F\u00e4higkeiten unter Beweis stellen. Das Wetter spielte ebenfalls mit und so konnten wir unseren Open-Air Biergarten in vollen Z\u00fcgen genie\u00dfen. Unser Volksfest endete mit einer ausgiebigen Party im Festzelt mit vielen begeisterten Besuchern. Auch im Nachhinein erhielten wir viel positive Resonanz.<\/p>\n\n\n\n<figure class=\"wp-block-image size-large\"><img loading=\"lazy\" decoding=\"async\" width=\"1024\" height=\"766\" src=\"http:\/\/heidenerstrasse.de\/wp-content\/uploads\/2023\/03\/1678819683922-1024x766.jpg\" alt=\"\" class=\"wp-image-8100\" srcset=\"https:\/\/heidenerstrasse.de\/wp-content\/uploads\/2023\/03\/1678819683922-1024x766.jpg 1024w, https:\/\/heidenerstrasse.de\/wp-content\/uploads\/2023\/03\/1678819683922-300x224.jpg 300w, https:\/\/heidenerstrasse.de\/wp-content\/uploads\/2023\/03\/1678819683922-768x574.jpg 768w, https:\/\/heidenerstrasse.de\/wp-content\/uploads\/2023\/03\/1678819683922-1536x1149.jpg 1536w, https:\/\/heidenerstrasse.de\/wp-content\/uploads\/2023\/03\/1678819683922-2048x1532.jpg 2048w, https:\/\/heidenerstrasse.de\/wp-content\/uploads\/2023\/03\/1678819683922-1200x898.jpg 1200w, https:\/\/heidenerstrasse.de\/wp-content\/uploads\/2023\/03\/1678819683922-1980x1481.jpg 1980w\" sizes=\"auto, (max-width: 1024px) 100vw, 1024px\" \/><\/figure>\n\n\n\n<p><br>Die Veranstaltungen im 2. Halbjahr wurden leider eher r\u00fcckl\u00e4ufig besucht, sodass wir uns am Ende bei einigen Veranstaltungen dazu entschieden haben, diese abzusagen. Trotz allem konnten wir der Nachbarschaft eine Zauberhaften Nachmittag mit Trixx 17 und eine feuchtfr\u00f6hliche Planwagentour erm\u00f6glichen.<\/p>\n\n\n\n<p><br>F\u00fcr die helfenden H\u00e4nde des letzten Jahres, konnten wir im November eine Helferfeier beim Gildenherrn durchf\u00fchren. Hier gab es hei\u00dfe und kalte Getr\u00e4nke und dazu W\u00fcrstchen vom Grill.<\/p>\n\n\n\n<p><br>Als n\u00e4chster Tagesordnungspunkt stand der Kassen- und Pr\u00fcferbericht f\u00fcr das Gesch\u00e4ftsjahr 2022 an. Philipp Rickert und G\u00fcnter Aleff haben in diesem Jahr versucht unseren Kassierer aus der Reserve zu locken und die Kasse bis auf den letzten Cent gepr\u00fcft. Nach kurzem Bericht von Philipp Rickert konnte die Versammlung den Vorstand einstimmig entlasten.<\/p>\n\n\n\n<figure class=\"wp-block-image size-large\"><img loading=\"lazy\" decoding=\"async\" width=\"1914\" height=\"2560\" src=\"http:\/\/heidenerstrasse.de\/wp-content\/uploads\/2023\/03\/1678819683523-edited-scaled.jpg\" alt=\"\" class=\"wp-image-8099\" srcset=\"https:\/\/heidenerstrasse.de\/wp-content\/uploads\/2023\/03\/1678819683523-edited-scaled.jpg 1914w, https:\/\/heidenerstrasse.de\/wp-content\/uploads\/2023\/03\/1678819683523-edited-224x300.jpg 224w, https:\/\/heidenerstrasse.de\/wp-content\/uploads\/2023\/03\/1678819683523-edited-766x1024.jpg 766w, https:\/\/heidenerstrasse.de\/wp-content\/uploads\/2023\/03\/1678819683523-edited-768x1027.jpg 768w, https:\/\/heidenerstrasse.de\/wp-content\/uploads\/2023\/03\/1678819683523-edited-1149x1536.jpg 1149w, https:\/\/heidenerstrasse.de\/wp-content\/uploads\/2023\/03\/1678819683523-edited-1532x2048.jpg 1532w, https:\/\/heidenerstrasse.de\/wp-content\/uploads\/2023\/03\/1678819683523-edited-1200x1605.jpg 1200w\" sizes=\"auto, (max-width: 1914px) 100vw, 1914px\" \/><\/figure>\n\n\n\n<p><br>Der Herausforderndste Punkt waren, wie auch in den vergangenen Jahren, die Wahlen. Zuerst wurde durch den Gildenherrn der Wunsch ge\u00e4u\u00dfert den Vorstand f\u00fcr eine bessere Aufgabenverteilung zu vergr\u00f6\u00dfern und auch wieder Beisitzer mit aufnehmen zu wollen. Nachdem wir Charly Olbing und Bernd Robering mit einem kleinen Dankesch\u00f6n f\u00fcr die Arbeit der letzten Jahre verabschiedet haben, erkl\u00e4rten Sie kurz die Aufgaben Ihrer Posten.<\/p>\n\n\n\n<p><br>Nach einiger Zeit konnten wir erfreulicherweise Fabian Kass als neuen Hauptkassierer im Vorstandsteam begr\u00fc\u00dfen. Anschlie\u00dfend wurde es zur Wahl des Gesch\u00e4ftsf\u00fchrers nochmal spannend. Nach einer kurzen Unterbrechung und Beratschlagung des Vorstandes, konnte Daniel Mokosch zum Gesch\u00e4ftsf\u00fchrer gew\u00e4hlt werden. Gleichzeitig wurde der Vorstand durch Beisitzer erfolgreich erweitert. Kevin Gieswinkel, Tanja Oenning, R\u00fcdiger Frehe und Henning Bach werden uns im Jahr 2023 im Vorstand unterst\u00fctzen.<\/p>\n\n\n\n<figure class=\"wp-block-image size-large\"><img loading=\"lazy\" decoding=\"async\" width=\"1024\" height=\"768\" src=\"http:\/\/heidenerstrasse.de\/wp-content\/uploads\/2023\/03\/IMG-20230128-WA0000-1024x768.jpg\" alt=\"\" class=\"wp-image-8096\" srcset=\"https:\/\/heidenerstrasse.de\/wp-content\/uploads\/2023\/03\/IMG-20230128-WA0000-1024x768.jpg 1024w, https:\/\/heidenerstrasse.de\/wp-content\/uploads\/2023\/03\/IMG-20230128-WA0000-300x225.jpg 300w, https:\/\/heidenerstrasse.de\/wp-content\/uploads\/2023\/03\/IMG-20230128-WA0000-768x576.jpg 768w, https:\/\/heidenerstrasse.de\/wp-content\/uploads\/2023\/03\/IMG-20230128-WA0000-1536x1152.jpg 1536w, https:\/\/heidenerstrasse.de\/wp-content\/uploads\/2023\/03\/IMG-20230128-WA0000-1200x900.jpg 1200w, https:\/\/heidenerstrasse.de\/wp-content\/uploads\/2023\/03\/IMG-20230128-WA0000-1980x1485.jpg 1980w, https:\/\/heidenerstrasse.de\/wp-content\/uploads\/2023\/03\/IMG-20230128-WA0000.jpg 2016w\" sizes=\"auto, (max-width: 1024px) 100vw, 1024px\" \/><\/figure>\n\n\n\n<p><br>Auch im Team der Bezirksansprechpartner gab es Ver\u00e4nderungen. Thomas Bussk\u00f6nning gab seinen Posten ab. Erfreulicherweise hat sich Alfons Bussk\u00f6nning bereit erkl\u00e4rt, diesen Posten zu \u00fcbernehmen.<\/p>\n\n\n\n<p><br>Unser Festausschuss wurde ebenfalls erweitert. Wir freuen uns Norbert Reukes, Laura Stegger, Isabell Theben, Wiebke Brodersen und Dietmar Terlinden als weitere Unterst\u00fctzung begr\u00fc\u00dfen zu d\u00fcrfen.<\/p>\n\n\n\n<p><br>Der n\u00e4chste Punkt unserer Tagesordnung bezog sich auf den Umgang mit den Geburtstagsjubilaren unserer Nachbarinnen und Nachbarn. Der Vorstand hat im Voraus \u00fcberlegt diesen Prozess zu \u00e4ndern um eine Entlastung zu erm\u00f6glichen. Alfons Bussk\u00f6nning, Karl-Heinz Olbing, Manfred Bu\u00dfmann und Ute Bach erkl\u00e4rten sich bereit zuk\u00fcnftig den Dienst als Gratulanten zu \u00fcbernehmen. Dadurch mussten keine Ver\u00e4nderungen in diesem Prozess erfolgen. Der Vorstand dankt Ihnen f\u00fcr Ihre Einsatzbereitschaft.<\/p>\n\n\n\n<p><br>Wichtig waren nat\u00fcrlich auch unsere Veranstaltungen im Jahr 2023. Zu Beginn gab es einige Wortmeldungen unserer Mitglieder. Diese merken an, dass im Hook zu viele verschiedene Veranstaltungen angeboten werden. Dadurch l\u00e4sst sich auch die sinkende Teilnehmerzahl der letzten Veranstaltungen ableiten. Der Vorstand stimmte diesem Meinungsbild einvernehmlich zu.<\/p>\n\n\n\n<p><br>Des Weiteren wurden die Veranstaltungen f\u00fcr das Jahr 2023 vorgestellt. Das Volksfest wird in diesem Jahr noch einmal ausgeweitet und die Planung l\u00e4uft auf Hochtouren. Unser Fest findet in diesem Jahr am 13.05 &amp; 14.05.2023 statt. Es warten viele spannende Attraktionen auf euch. Aufgrund der durchweg positiven Resonanz hat sich der Vorstand in diesem Jahr dazu entschieden, dass Kinderkarussell erneut kostenlos zur Verf\u00fcgung zu stellen. Gleichzeitig wird der Biergarten vergr\u00f6\u00dfert, sodass wir bei hoffentlich sch\u00f6nem Wetter unser Fest mit noch mehr Besuchern genie\u00dfen k\u00f6nnen. Ein weiters Highlight wird die musikalische Begleitung an diesen Tagen. Der Musikverein Einklang Schermbeck wird uns zwei Tage lang begleiten. In diesem Jahr wird die Genauigkeit unserer Besucher auf die Probe gestellt. Beim schie\u00dfen mit dem Luftgewehr auf Zielscheiben, kann man seine F\u00e4higkeiten unter Beweis stellen. F\u00fcr die abendliche Stimmung im Festzelt sorgt, wie im letzten Jahr DJ Fitti.<\/p>\n\n\n\n<p><br>Der kleine Weihnachtsmarkt wurde durch die Mitglieder im letzten Jahr sehr vermisst. Sodas wir uns dazu entschieden haben, diesen im Jahr 2023 wieder stattfinden zu lassen. Den Termin werden wir fr\u00fchestm\u00f6glich bekannt geben. Gleichzeitig werden wir uns im Vorstand dar\u00fcber abstimmen, ob es ebenfalls erneut eine Fahrradtour geben wird. Die Motorradtour ist laut Norbert Reukes schon in Planung und wird am 19.08.2023 stattfinden.<\/p>\n\n\n\n<p><br>Zum Ende unserer Versammlung gab es keine weiteren Anmerkungen oder offenen Fragen. Wir konnte die Versammlung nach gemeinsamem Singen unseres Vereinsliedes locker ausklingen lassen.<\/p>\n\n\n\n<p><br>Mit vielen Gr\u00fc\u00dfen<br>Frederik Bach<br>Gildenherr<\/p>\n\n\n","protected":false},"excerpt":{"rendered":"<p>Am 27.01.2023 war es mal wieder soweit und wir haben unsere Jahreshauptversammlung f\u00fcr das Gesch\u00e4ftsjahr 2022 durchgef\u00fchrt.<\/p>\n","protected":false},"author":3,"featured_media":8093,"comment_status":"closed","ping_status":"closed","sticky":false,"template":"","format":"standard","meta":{"footnotes":"","_links_to":"","_links_to_target":""},"categories":[9],"tags":[],"class_list":["post-8090","post","type-post","status-publish","format-standard","has-post-thumbnail","hentry","category-nachbarschaft"],"_links":{"self":[{"href":"https:\/\/heidenerstrasse.de\/index.php?rest_route=\/wp\/v2\/posts\/8090","targetHints":{"allow":["GET"]}}],"collection":[{"href":"https:\/\/heidenerstrasse.de\/index.php?rest_route=\/wp\/v2\/posts"}],"about":[{"href":"https:\/\/heidenerstrasse.de\/index.php?rest_route=\/wp\/v2\/types\/post"}],"author":[{"embeddable":true,"href":"https:\/\/heidenerstrasse.de\/index.php?rest_route=\/wp\/v2\/users\/3"}],"replies":[{"embeddable":true,"href":"https:\/\/heidenerstrasse.de\/index.php?rest_route=%2Fwp%2Fv2%2Fcomments&post=8090"}],"version-history":[{"count":2,"href":"https:\/\/heidenerstrasse.de\/index.php?rest_route=\/wp\/v2\/posts\/8090\/revisions"}],"predecessor-version":[{"id":8101,"href":"https:\/\/heidenerstrasse.de\/index.php?rest_route=\/wp\/v2\/posts\/8090\/revisions\/8101"}],"wp:featuredmedia":[{"embeddable":true,"href":"https:\/\/heidenerstrasse.de\/index.php?rest_route=\/wp\/v2\/media\/8093"}],"wp:attachment":[{"href":"https:\/\/heidenerstrasse.de\/index.php?rest_route=%2Fwp%2Fv2%2Fmedia&parent=8090"}],"wp:term":[{"taxonomy":"category","embeddable":true,"href":"https:\/\/heidenerstrasse.de\/index.php?rest_route=%2Fwp%2Fv2%2Fcategories&post=8090"},{"taxonomy":"post_tag","embeddable":true,"href":"https:\/\/heidenerstrasse.de\/index.php?rest_route=%2Fwp%2Fv2%2Ftags&post=8090"}],"curies":[{"name":"wp","href":"https:\/\/api.w.org\/{rel}","templated":true}]}}