{"id":6848,"date":"2021-08-22T10:14:03","date_gmt":"2021-08-22T10:14:03","guid":{"rendered":"http:\/\/heidenerstrasse.de\/?p=6848"},"modified":"2021-08-22T10:14:03","modified_gmt":"2021-08-22T10:14:03","slug":"fahrrad-paettkestour-am-18-09-2021-in-diesem-jahr-raetselhaft","status":"publish","type":"post","link":"https:\/\/heidenerstrasse.de\/?p=6848","title":{"rendered":"FAHRRAD-P\u00c4TTKESTOUR AM 18.09.2021 IN DIESEM JAHR \u201eR\u00c4TSELHAFT&#8220;"},"content":{"rendered":"\n<p>Die Organisatoren Ludwig Bu\u00dfk\u00f6nning und Manfred Bussmann k\u00fcndigen an, dass uns in diesem Jahr eine \u201er\u00e4tselhafte Fahrrad-P\u00e4ttkestour\u201c erwartet. Wohin und was es damit auf sich hat, wollen sie &#8211; noch &nbsp;&#8211; nicht verraten.<\/p>\n\n\n\n<p>Das werden sie aber am Samstagmorgen, den 18.09.2021 um 10 Uhr tun, wenn wir uns gemeinsam an gewohnter Stelle am Ehrenmal\/Busbahnhof Ecke Josef-\/Duesbergstra\u00dfe treffen. Lassen wir uns \u00fcberraschen! \ud83d\ude42<\/p>\n\n\n\n<p>Was aber verraten werden kann, ist, dass es wie jedes Jahr eine f\u00fcr jedes Alter machbare Fahrradtour ist. Wir radeln gem\u00fctlich mit vielen Pausen zwischendurch. So gibt es zwischendurch Getr\u00e4nkepausen mit einem reichhaltigen Getr\u00e4nkeangebot aus dem Servicefahrzeug, das uns dank &nbsp;FAHRDIENST PIEPER (<a href=\"http:\/\/www.fahrdienst-pieper.de\">www.fahrdienst-pieper.de<\/a>) und Markus Bu\u00dfk\u00f6nning wieder auf der Tour begleitet und versorgt. Um die Mittagszeit werden wie gewohnt Bratwurst vom Grill mit Br\u00f6tchen angeboten und nachmittags kehren wir noch irgendwo zu Kaffee und Kuchen ein. Ende der Tour wird gegen 18 Uhr sein.<\/p>\n\n\n\n<p>Wir freuen uns auf Euch. Eingeladen ist jede(r) Nachbar*in, egal ob Mitglied oder nicht. Alter spielt wie schon gesagt keine Rolle. Kinder sollten allerdings schon Routine und Ausdauer in der Bew\u00e4ltigung gr\u00f6\u00dferer Strecken haben. Sonst w\u00e4re es besser, wenn die (Gro\u00df-)Eltern sie auf ihrem Rad mitnehmen. F\u00fcr den Verzehr zahlt wieder jede(r) selbst vor Ort.<\/p>\n\n\n\n<p>Teilnahmevoraussetzung nach den 3G-Corona-Regeln (Geimpft\/Genesen oder Getestet). F\u00fcr Einkehr unterwegs nach heutigem Stand Maskenpflicht!<\/p>\n\n\n\n<p>Bis dahin\u2026bitte die Fietsen putzen und \u00f6len, gesund bleiben und schon mal ein bisschen trainieren. \ud83d\ude42<\/p>\n\n\n\n<p>Herzliche Gr\u00fc\u00dfe<\/p>\n\n\n\n<p>Euer Norbert zusammen mit dem Orgateam und dem Vorstand<\/p>\n","protected":false},"excerpt":{"rendered":"<p>Die Organisatoren Ludwig Bu\u00dfk\u00f6nning und Manfred Bussmann k\u00fcndigen an, dass uns in diesem Jahr eine \u201er\u00e4tselhafte Fahrrad-P\u00e4ttkestour\u201c erwartet. Wohin und was es damit auf sich hat, wollen sie &#8211; noch [&hellip;]<\/p>\n","protected":false},"author":3,"featured_media":6849,"comment_status":"closed","ping_status":"closed","sticky":false,"template":"","format":"standard","meta":{"footnotes":"","_links_to":"","_links_to_target":""},"categories":[9],"tags":[13,17,33,15,22,10],"class_list":["post-6848","post","type-post","status-publish","format-standard","has-post-thumbnail","hentry","category-nachbarschaft","tag-borken","tag-busskoenning-hook","tag-fahrradtour","tag-heidener-strasse","tag-kreis-borken","tag-nachbarschaft"],"_links":{"self":[{"href":"https:\/\/heidenerstrasse.de\/index.php?rest_route=\/wp\/v2\/posts\/6848","targetHints":{"allow":["GET"]}}],"collection":[{"href":"https:\/\/heidenerstrasse.de\/index.php?rest_route=\/wp\/v2\/posts"}],"about":[{"href":"https:\/\/heidenerstrasse.de\/index.php?rest_route=\/wp\/v2\/types\/post"}],"author":[{"embeddable":true,"href":"https:\/\/heidenerstrasse.de\/index.php?rest_route=\/wp\/v2\/users\/3"}],"replies":[{"embeddable":true,"href":"https:\/\/heidenerstrasse.de\/index.php?rest_route=%2Fwp%2Fv2%2Fcomments&post=6848"}],"version-history":[{"count":2,"href":"https:\/\/heidenerstrasse.de\/index.php?rest_route=\/wp\/v2\/posts\/6848\/revisions"}],"predecessor-version":[{"id":6872,"href":"https:\/\/heidenerstrasse.de\/index.php?rest_route=\/wp\/v2\/posts\/6848\/revisions\/6872"}],"wp:featuredmedia":[{"embeddable":true,"href":"https:\/\/heidenerstrasse.de\/index.php?rest_route=\/wp\/v2\/media\/6849"}],"wp:attachment":[{"href":"https:\/\/heidenerstrasse.de\/index.php?rest_route=%2Fwp%2Fv2%2Fmedia&parent=6848"}],"wp:term":[{"taxonomy":"category","embeddable":true,"href":"https:\/\/heidenerstrasse.de\/index.php?rest_route=%2Fwp%2Fv2%2Fcategories&post=6848"},{"taxonomy":"post_tag","embeddable":true,"href":"https:\/\/heidenerstrasse.de\/index.php?rest_route=%2Fwp%2Fv2%2Ftags&post=6848"}],"curies":[{"name":"wp","href":"https:\/\/api.w.org\/{rel}","templated":true}]}}