{"id":6464,"date":"2020-11-02T19:01:12","date_gmt":"2020-11-02T19:01:12","guid":{"rendered":"http:\/\/heidenerstrasse.de\/?p=6464"},"modified":"2020-11-04T08:36:21","modified_gmt":"2020-11-04T08:36:21","slug":"unsere-nachbarin-rita-mokosch-ist-am-letzten-sonntag-verstorben","status":"publish","type":"post","link":"https:\/\/heidenerstrasse.de\/?p=6464","title":{"rendered":"Unsere Nachbarin Rita Mokosch ist am letzten Sonntag verstorben!"},"content":{"rendered":"\n<p class=\"has-text-align-center\"><strong>\u201eDie Erinnerung ist ein Fenster,<\/strong><\/p>\n\n\n\n<p class=\"has-text-align-center\"> <strong>durch das wir Dich sehen k\u00f6nnen,<\/strong><\/p>\n\n\n\n<p class=\"has-text-align-center\"><strong>wann immer wir wollen.\u201c<\/strong><\/p>\n\n\n\n<p>Schon im Sommer 2019 hatte Rita die \u00e4rztliche Diagnose erhalten, unheilbar krank zu sein. F\u00fcr sie, ihre S\u00f6hne Christian und Daniel, ihre Schwester B\u00e4rbel, ihre Angeh\u00f6rigen und Freunde sowie auch f\u00fcr uns Nachbarn eine schlimme Nachricht! <\/p>\n\n\n\n<p>Aber Rita hatte gro\u00dfen Lebensmut und den ausgepr\u00e4gten Willen, solange es geht, das Leben und die verbleibende Zeit zu genie\u00dfen. So hatte sie gro\u00dfe Freude daran -soweit die vielen medizinischen Therapien es zugelassen haben &#8211; mit ihrer Familie, aber auch mit den Freunden und Bekannten zusammen zu sein und gemeinsam m\u00f6glichst viele sch\u00f6ne Tage zu verbringen. Ihre tiefe Verbundenheit zur Nachbarschaft und dazu, MITEINANDER ZU (ER-)LEBEN, hat sie darin zum Ausdruck gebracht, dass sie immer &#8211; darunter auch viele Jahrzehnte im Vorstand &#8211; helfend zur Seite stand und bis zuletzt auch an den gemeinsamen Treffen und Veranstaltungen teilgenommen hat.<\/p>\n\n\n\n<p>F\u00fcr uns hier im Hook war Rita mehr als nur eine Nachbarin. Sie war f\u00fcr viele von uns eine gute Freundin und Wegbegleiterin. Sich f\u00fcr die Belange der Nachbarschaft und die im Hook lebenden Menschen einzusetzen, war ihr stets ein Herzensanliegen. Viele unvergessliche Momente verbinden uns daher mit Rita. Auch und insbesondere das Jahr 2001, in dem Rita als K\u00f6nigin an der Seite von Karl-Heinz Stegger ihre Sch\u00fctzenregentschaft im Bussk\u00f6nning-Hook feierte. Diese und viele andere sch\u00f6ne Erinnerungen bleiben \u00fcber die Grenze von Leben und Tod hinweg in unseren Herzen und sind f\u00fcr uns das eingangs erw\u00e4hnte Fenster, durch das wir sie sehen k\u00f6nnen, wann immer wir wollen. In diesem Sinne werden wir Rita in unseren Gedanken und Erinnerungen immer einen w\u00fcrdevollen Platz bewahren.<\/p>\n\n\n\n<p>Unser Mitgef\u00fchl gilt in diesen schweren Tagen ganz besonders der Familie und den Angeh\u00f6rigen. Wir w\u00fcnschen ihnen Kraft und Trost, um das Fehlen von Rita in ihrer Mitte zu verstehen und annehmen zu k\u00f6nnen. Und dass das Fenster der Erinnerungen sie st\u00e4ndig mit ihr verbindet. <\/p>\n\n\n\n<p>Leider kann die Beisetzung, wie die Familie uns mitteilte, aufgrund der aktuellen Einschr\u00e4nkungen durch die Corona-Pandemie am kommenden Freitag nur im engsten Familienkreis stattfinden. Wer sich aber mit Rita verbunden f\u00fchlt, ist herzlich eingeladen, Ihrer im stillen Gebet zu gedenken. <\/p>\n\n\n\n<p>Im Namen der Nachbarschaft Heidener Stra\u00dfe &amp; Bu\u00dfk\u00f6nning Hook<\/p>\n\n\n\n<p>Norbert Reukes<\/p>\n\n\n\n<p>Gildeherr<\/p>\n","protected":false},"excerpt":{"rendered":"<p>Liebe Nachbarinnen &#038; Nachbarn!<br \/>\nRita Mokosch ist in der Nacht zum Sonntag, dem Allerheiligen-Tag, ruhig und friedlich im Kreis ihrer Lieben im &#8211; noch zu jungen &#8211; Alter von 63 Jahren eingeschlafen. Wir wussten zwar, dass sie von einer schweren Krankheit heimgesucht war, aber dennoch macht uns ihr zu fr\u00fcher Tod unendlich traurig.<\/p>\n","protected":false},"author":3,"featured_media":6465,"comment_status":"closed","ping_status":"closed","sticky":false,"template":"","format":"standard","meta":{"footnotes":"","_links_to":"","_links_to_target":""},"categories":[9],"tags":[],"class_list":["post-6464","post","type-post","status-publish","format-standard","has-post-thumbnail","hentry","category-nachbarschaft"],"_links":{"self":[{"href":"https:\/\/heidenerstrasse.de\/index.php?rest_route=\/wp\/v2\/posts\/6464","targetHints":{"allow":["GET"]}}],"collection":[{"href":"https:\/\/heidenerstrasse.de\/index.php?rest_route=\/wp\/v2\/posts"}],"about":[{"href":"https:\/\/heidenerstrasse.de\/index.php?rest_route=\/wp\/v2\/types\/post"}],"author":[{"embeddable":true,"href":"https:\/\/heidenerstrasse.de\/index.php?rest_route=\/wp\/v2\/users\/3"}],"replies":[{"embeddable":true,"href":"https:\/\/heidenerstrasse.de\/index.php?rest_route=%2Fwp%2Fv2%2Fcomments&post=6464"}],"version-history":[{"count":4,"href":"https:\/\/heidenerstrasse.de\/index.php?rest_route=\/wp\/v2\/posts\/6464\/revisions"}],"predecessor-version":[{"id":6471,"href":"https:\/\/heidenerstrasse.de\/index.php?rest_route=\/wp\/v2\/posts\/6464\/revisions\/6471"}],"wp:featuredmedia":[{"embeddable":true,"href":"https:\/\/heidenerstrasse.de\/index.php?rest_route=\/wp\/v2\/media\/6465"}],"wp:attachment":[{"href":"https:\/\/heidenerstrasse.de\/index.php?rest_route=%2Fwp%2Fv2%2Fmedia&parent=6464"}],"wp:term":[{"taxonomy":"category","embeddable":true,"href":"https:\/\/heidenerstrasse.de\/index.php?rest_route=%2Fwp%2Fv2%2Fcategories&post=6464"},{"taxonomy":"post_tag","embeddable":true,"href":"https:\/\/heidenerstrasse.de\/index.php?rest_route=%2Fwp%2Fv2%2Ftags&post=6464"}],"curies":[{"name":"wp","href":"https:\/\/api.w.org\/{rel}","templated":true}]}}